{"id":3619,"date":"2026-04-27T15:45:27","date_gmt":"2026-04-27T12:45:27","guid":{"rendered":"https:\/\/www.targulcartii.ro\/blog\/?p=3619"},"modified":"2026-04-27T15:45:28","modified_gmt":"2026-04-27T12:45:28","slug":"beletristica-romaneasca-autori-si-carti-care-merita-citite","status":"publish","type":"post","link":"https:\/\/www.targulcartii.ro\/blog\/beletristica-romaneasca-autori-si-carti-care-merita-citite\/","title":{"rendered":"Beletristic\u0103 rom\u00e2neasc\u0103: autori \u0219i c\u0103r\u021bi care merit\u0103 citite"},"content":{"rendered":"\n<p>\u00cen literatura rom\u00e2n\u0103, experien\u021bele profunde sunt portretizate prin teme de iubire, r\u0103zboi ori pur \u0219i simplu jurnale \u0219i pove\u0219ti dramatice, care transcend at\u00e2t timpul, c\u00e2t \u0219i spa\u021biul.<\/p>\n\n\n\n<p>\u00cen special \u00een perioada comunist\u0103, literatura a servit rom\u00e2nilor ca o form\u0103 de \u201etranscriere ascuns\u0103\u201d \u0219i rezisten\u021b\u0103 \u00eempotriva controlului politic. Scriitorii au explorat \u201edeceniul obsesiv\u201d, folosind fic\u021biunea pentru a contesta structurile totalitare \u0219i a documenta adev\u0103rul istoric, adesea prin metafore.<\/p>\n\n\n\n<p>Perioada interbelic\u0103 a cunoscut un v\u00e2rf al activit\u0103\u021bii literare, stabilind o tradi\u021bie literar\u0103 modern\u0103 \u0219i complex\u0103. Aceast\u0103 epoc\u0103 a pus bazele unor autori care sunt recunoscu\u021bi ca fiind complec\u0219i \u0219i tehnici, produc\u00e2nd literatur\u0103 \u201ede talie mondial\u0103\u201d. Se poate spune c\u0103 este vorba despre o literatur\u0103 avangardist\u0103 \u0219i rezistent\u0103, care a rezistat cenzurii politice \u0219i a redefinit cultura. Literatura rom\u00e2n\u0103 posed\u0103 o calitate emo\u021bionant\u0103, \u0219i totodat\u0103 nostalgic\u0103, reu\u0219ind s\u0103 ofere un ton unic \u00een literatura european\u0103.<\/p>\n\n\n\n<p>Nu \u00een ultimul r\u00e2nd, ad\u00e2nc \u00eenr\u0103d\u0103cinat\u0103 \u00een folclorul local \u0219i \u00een tradi\u021biile spirituale, literatura rom\u00e2neasc\u0103 folose\u0219te elemente mistice \u0219i tradi\u021bionale pentru a crea nara\u021biuni unice. Iat\u0103 c\u00e2teva dintre c\u0103r\u021bile de beletristic\u0103 rom\u00e2neasc\u0103, ce merit\u0103 toat\u0103 aten\u021bia.<\/p>\n\n\n\n<h2><strong>Merit\u0103 s\u0103 fie descoperite sau redescoperite: 10 romane captivante din beletristica rom\u00e2neasc\u0103<\/strong><\/h2>\n\n\n\n<h3><strong>\u201e<a href=\"https:\/\/www.targulcartii.ro\/cauta\/fecioarele-despletite-de-hortensia-papadat-bengescu\" target=\"_blank\" rel=\"noreferrer noopener\">Fecioarele despletite<\/a>\u201d de <a href=\"https:\/\/www.targulcartii.ro\/cauta\/hortensia-papadat-bengescu\" target=\"_blank\" rel=\"noreferrer noopener\">Hortensia Papadat-Bengescu<\/a><\/strong><\/h3>\n\n\n\n<p>Romanul exploreaz\u0103 vie\u021bile complicate ale unui grup de femei care navigheaz\u0103 printre a\u0219tept\u0103rile societ\u0103\u021bii \u0219i dorin\u021bele personale din Rom\u00e2nia de la \u00eenceputul secolului al XX-lea. Prin intermediul unor pove\u0219ti interconectate, romanul exploreaz\u0103 teme precum dragostea, tr\u0103darea \u0219i lupta pentru independen\u021b\u0103, subliniind tensiunea dintre rolurile tradi\u021bionale \u0219i dorin\u021ba de auto-exprimare. C\u0103l\u0103toriile personajelor sunt marcate de profunzime emo\u021bional\u0103 \u0219i complexitate, reflect\u00e2nd schimb\u0103rile culturale \u0219i sociale mai ample ale vremii.<\/p>\n\n\n\n<h3><strong>\u201e<a href=\"https:\/\/www.targulcartii.ro\/cauta\/craii-de-curtea-veche-de-mateiu-i-caragiale\" target=\"_blank\" rel=\"noreferrer noopener\">Craii de Curtea Veche<\/a>\u201d de <a href=\"https:\/\/www.targulcartii.ro\/mateiu-ion-caragiale\" target=\"_blank\" rel=\"noreferrer noopener\">Mateiu I. Caragiale<\/a><\/strong><\/h3>\n\n\n\n<p>Ac\u021biunea romanului, plasat \u00een Bucure\u0219tiul de la \u00eenceputul secolului al XX-lea, exploreaz\u0103 vie\u021bile decadente ale unui grup de aristocra\u021bi care frecventeaz\u0103 Curtea Veche, un loc \u00eenc\u0103rcat de istorie \u0219i mister. Nara\u021biunea urm\u0103re\u0219te interac\u021biunile \u0219i lumile interioare ale acestor personaje, dezv\u0103luind ambiguit\u0103\u021bile lor morale, reflec\u021biile existen\u021biale \u0219i declinul inevitabil al clasei lor sociale. Prin descrieri vii \u0219i dialoguri introspective, povestea creioneaz\u0103 portretul unei epoci trecute, marcat\u0103 at\u00e2t de opulen\u021b\u0103, c\u00e2t \u0219i de dec\u0103dere, surprinz\u00e2nd esen\u021ba unei societ\u0103\u021bi aflat\u0103 \u00een pragul transform\u0103rii.<\/p>\n\n\n\n<h3><strong>\u201e<a href=\"https:\/\/www.targulcartii.ro\/cauta\/patul-lui-procust-de-camil-petrescu\" target=\"_blank\" rel=\"noreferrer noopener\">Patul lui Procust<\/a>\u201d de <a href=\"https:\/\/www.targulcartii.ro\/camil-petrescu\" target=\"_blank\" rel=\"noreferrer noopener\">Camil Petrescu<\/a><\/strong><\/h3>\n\n\n\n<p>Romanul exploreaz\u0103 complexitatea rela\u021biilor umane \u0219i fundamentele filosofice ale iubirii \u0219i identit\u0103\u021bii. Av\u00e2nd ca fundal Rom\u00e2nia de la \u00eenceputul secolului al XX-lea, romanul expune vie\u021bile personajelor \u00een timp ce acestea se confrunt\u0103 cu dileme existen\u021biale \u0219i constr\u00e2ngerile impuse de societate. Prin intermediul monologurilor \u0219i dialogurilor introspective, nara\u021biunea examineaz\u0103 tensiunea dintre dorin\u021bele individuale \u0219i a\u0219tept\u0103rile societ\u0103\u021bii, pun\u00e2nd sub semnul \u00eentreb\u0103rii, \u00een cele din urm\u0103, natura adev\u0103rului \u0219i autenticit\u0103\u021bii \u00een conexiunile personale. Printre multe altele, unul dintre persoanajele centrale &#8211; Doamna T, r\u0103m\u00e2ne unul dintre personajele emblematice ale literaturii rom\u00e2ne.&nbsp;<\/p>\n\n\n\n<h3><strong>\u201e<a href=\"https:\/\/www.targulcartii.ro\/dr-popescu\/vanatoarea-regala\" target=\"_blank\" rel=\"noreferrer noopener\">V\u00e2n\u0103toarea regal\u0103<\/a>\u201d de <a href=\"https:\/\/www.targulcartii.ro\/dr-popescu\" target=\"_blank\" rel=\"noreferrer noopener\">D.R.Popescu<\/a><\/strong><\/h3>\n\n\n\n<p>Romanul constituie o bogat\u0103 panoplie de intrigi politice \u0219i dram\u0103 uman\u0103, plasat\u0103 \u00eentr-o \u021bar\u0103 fictiv\u0103 din Europa de Est, \u00eentr-o perioad\u0103 de tulbur\u0103ri sociale. Exploreaz\u0103 dinamica complex\u0103 dintre putere, loialitate \u0219i tr\u0103dare, \u00een timp ce diverse personaje navigheaz\u0103 prin peisajul perfid al unui regim totalitar. Printr-o serie de pove\u0219ti, nara\u021biunea exploreaz\u0103 vie\u021bile at\u00e2t ale elitei conduc\u0103toare, c\u00e2t \u0219i ale celor asupri\u021bi, eviden\u021biind ambiguit\u0103\u021bile morale \u0219i sacrificiile personale care le definesc existen\u021ba. Povestea reprezint\u0103 o reflec\u021bie emo\u021bionant\u0103 asupra naturii autorit\u0103\u021bii \u0219i a spiritului uman durabil \u00een fa\u021ba adversit\u0103\u021bii.<\/p>\n\n\n\n<h3><strong>\u201e<a href=\"https:\/\/www.targulcartii.ro\/cauta\/padurea-spanzuratilor-de-liviu-rebreanu\" target=\"_blank\" rel=\"noreferrer noopener\">P\u0103durea sp\u00e2nzura\u021bilor<\/a>\u201d de <a href=\"https:\/\/www.targulcartii.ro\/liviu-rebreanu\" target=\"_blank\" rel=\"noreferrer noopener\">Liviu Rebreanu<\/a><\/strong><\/h3>\n\n\n\n<p>Este un roman captivant, a c\u0103rui ac\u021biune se petrece \u00een timpul Primului R\u0103zboi Mondial. Un ofi\u021ber rom\u00e2n, care serve\u0219te \u00een armata austro-ungar\u0103, este for\u021bat s\u0103 se confrunte cu propria moralitate \u0219i identitate. Dup\u0103 ce fratele s\u0103u este executat pentru tr\u0103dare, protagonistul se lupt\u0103 cu loialitatea sa fa\u021b\u0103 de armat\u0103 \u0219i cu leg\u0103tura sa inerent\u0103 cu p\u0103m\u00e2ntul natal, ceea ce duce la o profund\u0103 criz\u0103 spiritual\u0103. Nara\u021biunea exploreaz\u0103 teme precum na\u021bionalismul, datoria, con\u0219tiin\u021ba \u0219i impactul psihologic devastator al r\u0103zboiului.<\/p>\n\n\n\n<h4><strong>\u201e<a href=\"https:\/\/www.targulcartii.ro\/mihail-sebastian\/jurnal-1935-1944-humanitas-2023-10666564\" target=\"_blank\" rel=\"noreferrer noopener\">Jurnal<\/a>\u201d de <a href=\"https:\/\/www.targulcartii.ro\/mihail-sebastian\" target=\"_blank\" rel=\"noreferrer noopener\">Mihail Sebastian<\/a><\/strong><\/h4>\n\n\n\n<p>\u201eJurnal, 1935-1944\u201d reprezint\u0103 o colec\u021bie captivant\u0103 de memorii scrise de o persoan\u0103 perspicace \u0219i introspectiv\u0103, a\u0219a cum a fost scriitorul Mihail Sebastian. Acoperind aproape un deceniu, jurnalul ofer\u0103 o privire unic\u0103 asupra g\u00e2ndurilor, experien\u021belor \u0219i observa\u021biilor personale ale autorului \u00eentr-o perioad\u0103 tumultoas\u0103 din istorie. Prin intermediul reflec\u021biilor sale emo\u021bionante, Sebastian exploreaz\u0103 teme precum identitatea, dragostea, politica \u0219i condi\u021bia uman\u0103, oferind cititorilor o c\u0103l\u0103torie profund\u0103 \u0219i provocatoare prin lumea sa interioar\u0103.<\/p>\n\n\n\n<h4><strong>\u201e<a href=\"https:\/\/www.targulcartii.ro\/mircea-eliade\/noaptea-de-sanziene\" target=\"_blank\" rel=\"noreferrer noopener\">Noaptea de S\u00e2nziene<\/a>\u201d de\u00a0 <a href=\"https:\/\/www.targulcartii.ro\/mircea-eliade\" target=\"_blank\" rel=\"noreferrer noopener\">Mircea Eliade<\/a><\/strong><\/h4>\n\n\n\n<p>Romanul a fost publicat ini\u021bial \u00een francez\u0103 sub titlul \u201eFor\u00eat interdite\u201d. A ap\u0103rut \u00een cele din urm\u0103 \u00een Rom\u00e2nia sub titlul Noaptea de S\u00e2nziene \u00een 1971 \u0219i \u00een englez\u0103 sub titlul \u201eThe Forbidden Forest\u201d \u00een 1978. Volumul demonstreaz\u0103 teme majore evidente \u00een opera academic\u0103 a lui Eliade, inclusiv \u00eencercarea labirintului, riturile de ini\u021biere \u0219i conflictul dintre timpul sacru \u0219i timpul istoric. Un roman foarte apreciat \u00een literatura rom\u00e2n\u0103, care merit\u0103 citit.<\/p>\n\n\n\n<h4><strong>\u201e<a href=\"https:\/\/www.targulcartii.ro\/fanus-neagu\/ingerul-a-strigat\" target=\"_blank\" rel=\"noreferrer noopener\">\u00cengerul a strigat<\/a>\u201d de <a href=\"https:\/\/www.targulcartii.ro\/fanus-neagu\" target=\"_blank\" rel=\"noreferrer noopener\">F\u0103nu\u0219 Neagu<\/a><\/strong><\/h4>\n\n\n\n<p>Romanul exploreaz\u0103 complexitatea emo\u021biilor \u0219i rela\u021biilor umane, av\u00e2nd ca fundal Rom\u00e2nia rural\u0103. P\u0103trunde \u00een vie\u021bile personajelor sale, care sunt prinse \u00eentr-o re\u021bea de iubire, tr\u0103dare \u0219i contemplare existen\u021bial\u0103. Nara\u021biunea este bogat\u0103 \u00een descrieri vii ale peisajului \u0219i nuan\u021belor culturale ale regiunii, surprinz\u00e2nd luptele \u0219i rezisten\u021ba spiritului uman. Prin limbajul s\u0103u poetic \u0219i tonul introspectiv, povestea examineaz\u0103 teme precum identitatea, destinul \u0219i c\u0103utarea sensului \u00eentr-o lume \u00een schimbare.<\/p>\n\n\n\n<h4><strong>\u201e<a href=\"https:\/\/www.targulcartii.ro\/gabriel-liiceanu\/jurnalul-de-la-paltinis\" target=\"_blank\" rel=\"noreferrer noopener\">Jurnalul de la P\u0103ltini\u0219<\/a>\u201d de <a href=\"https:\/\/www.targulcartii.ro\/gabriel-liiceanu\" target=\"_blank\" rel=\"noreferrer noopener\">Gabriel Liiceanu<\/a><\/strong><\/h4>\n\n\n\n<p>Cartea reprezint\u0103 o relatare reflexiv\u0103 a c\u0103l\u0103toriei intelectuale \u0219i filosofice a autorului \u00een perioada petrecut\u0103 la P\u0103ltini\u0219. Acolo Gabriel Liiceanu a purtat conversa\u021bii profunde cu mentorul s\u0103u, Constantin Noica. Cartea surprinde esen\u021ba discu\u021biilor lor despre filosofie, cultur\u0103 \u0219i c\u0103utarea \u00een\u021belepciunii, subliniind impactul transformator al acestor dialoguri asupra dezvolt\u0103rii personale \u0219i intelectuale a autorului. Nara\u021biunea exploreaz\u0103 teme precum mentoratul, c\u0103utarea cunoa\u0219terii \u0219i provoc\u0103rile unei vie\u021bi dedicat\u0103 cercet\u0103rii filosofice.<\/p>\n\n\n\n<h4><strong>\u201e<a href=\"https:\/\/www.targulcartii.ro\/petru-demetru-popescu\/dulce-ca-mierea-e-glontul-patriei\" target=\"_blank\" rel=\"noreferrer noopener\">Dulce ca mierea e glon\u021bul patriei<\/a>\u201d de <a href=\"https:\/\/www.targulcartii.ro\/petru-popescu\" target=\"_blank\" rel=\"noreferrer noopener\">Petru Popescu<\/a><\/strong><\/h4>\n\n\n\n<p>Cartea reprezint\u0103 o explorare emo\u021bionant\u0103 a vie\u021bii sub un regim totalitar, a\u0219a cum a fost tr\u0103it\u0103 de un b\u0103iat care cre\u0219te \u00een Rom\u00e2nia de dup\u0103 cel de-al Doilea R\u0103zboi Mondial. Prin ochii protagonistului, cititorii sunt martori la atmosfera opresiv\u0103 a unei societ\u0103\u021bi \u00een care frica, \u00eendoctrinarea \u0219i omniprezen\u021ba statului perturb\u0103 inocen\u021ba copil\u0103riei. Nara\u021biunea exploreaz\u0103 teme precum familia, loialitatea \u0219i lupta pentru identitate personal\u0103 pe fundalul propagandei politice \u0219i al realit\u0103\u021bilor dure ale unui stat comunist. Titlul c\u0103r\u021bii reflect\u0103 ironia amar\u0103 a sloganurilor patriotice care se bat cap \u00een cap cu adev\u0103rurile sumbre din via\u021ba personajelor.<\/p>\n\n\n\n<div class=\"wp-block-media-text alignwide\" style=\"grid-template-columns:30% auto\"><figure class=\"wp-block-media-text__media\"><img loading=\"lazy\" width=\"547\" height=\"658\" src=\"https:\/\/www.targulcartii.ro\/blog\/wp-content\/uploads\/2024\/10\/RRfoto-editat-1.png\" alt=\"\" class=\"wp-image-2122\" srcset=\"https:\/\/www.targulcartii.ro\/blog\/wp-content\/uploads\/2024\/10\/RRfoto-editat-1.png 547w, https:\/\/www.targulcartii.ro\/blog\/wp-content\/uploads\/2024\/10\/RRfoto-editat-1-249x300.png 249w\" sizes=\"(max-width: 547px) 100vw, 547px\" \/><\/figure><div class=\"wp-block-media-text__content\">\n<p style=\"font-size:33px\">Despre Roxana Roseti<\/p>\n\n\n\n<p><a href=\"https:\/\/www.targulcartii.ro\/blog\/author\/rox_roseti\/\" target=\"_blank\" rel=\"noreferrer noopener\">Roxana Roseti<\/a> este jurnalist print \u0219i online, \u0219i creator de con\u021binut. A realizat edi\u021bii de colec\u021bie pentru Jurnalul Na\u021bional,&nbsp; reportaje, interviuri, biografii, recenzii, articole de larg interes&nbsp;pentru Evenimentul Zilei, Revista Cariere, Elita Rom\u00e2niei \u0219.a. Relateaz\u0103 \u00een continuare, inclusiv pe social media, despre personalit\u0103\u021bi, cultur\u0103, art\u0103, \u0219i tot ceea ce reprezint\u0103 o poveste cu trecut, prezent \u0219i viitor.<\/p>\n<\/div><\/div>\n","protected":false},"excerpt":{"rendered":"<p>\u00cen literatura rom\u00e2n\u0103, experien\u021bele profunde sunt portretizate prin teme de iubire, r\u0103zboi ori pur \u0219i simplu jurnale \u0219i pove\u0219ti dramatice, care transcend at\u00e2t timpul, c\u00e2t \u0219i spa\u021biul. \u00cen special \u00een perioada comunist\u0103, literatura a servit rom\u00e2nilor ca o form\u0103 de \u201etranscriere ascuns\u0103\u201d \u0219i rezisten\u021b\u0103 \u00eempotriva controlului politic. Scriitorii au explorat \u201edeceniul obsesiv\u201d, folosind fic\u021biunea pentru [&hellip;]<\/p>\n","protected":false},"author":11,"featured_media":3620,"comment_status":"closed","ping_status":"closed","sticky":false,"template":"","format":"standard","meta":[],"categories":[1],"tags":[],"_links":{"self":[{"href":"https:\/\/www.targulcartii.ro\/blog\/wp-json\/wp\/v2\/posts\/3619"}],"collection":[{"href":"https:\/\/www.targulcartii.ro\/blog\/wp-json\/wp\/v2\/posts"}],"about":[{"href":"https:\/\/www.targulcartii.ro\/blog\/wp-json\/wp\/v2\/types\/post"}],"author":[{"embeddable":true,"href":"https:\/\/www.targulcartii.ro\/blog\/wp-json\/wp\/v2\/users\/11"}],"replies":[{"embeddable":true,"href":"https:\/\/www.targulcartii.ro\/blog\/wp-json\/wp\/v2\/comments?post=3619"}],"version-history":[{"count":1,"href":"https:\/\/www.targulcartii.ro\/blog\/wp-json\/wp\/v2\/posts\/3619\/revisions"}],"predecessor-version":[{"id":3621,"href":"https:\/\/www.targulcartii.ro\/blog\/wp-json\/wp\/v2\/posts\/3619\/revisions\/3621"}],"wp:featuredmedia":[{"embeddable":true,"href":"https:\/\/www.targulcartii.ro\/blog\/wp-json\/wp\/v2\/media\/3620"}],"wp:attachment":[{"href":"https:\/\/www.targulcartii.ro\/blog\/wp-json\/wp\/v2\/media?parent=3619"}],"wp:term":[{"taxonomy":"category","embeddable":true,"href":"https:\/\/www.targulcartii.ro\/blog\/wp-json\/wp\/v2\/categories?post=3619"},{"taxonomy":"post_tag","embeddable":true,"href":"https:\/\/www.targulcartii.ro\/blog\/wp-json\/wp\/v2\/tags?post=3619"}],"curies":[{"name":"wp","href":"https:\/\/api.w.org\/{rel}","templated":true}]}}