{"id":3622,"date":"2026-04-28T12:30:08","date_gmt":"2026-04-28T09:30:08","guid":{"rendered":"https:\/\/www.targulcartii.ro\/blog\/?p=3622"},"modified":"2026-04-28T12:30:08","modified_gmt":"2026-04-28T09:30:08","slug":"biografii-si-autobiografii-de-citit-carti-care-te-motiveaza","status":"publish","type":"post","link":"https:\/\/www.targulcartii.ro\/blog\/biografii-si-autobiografii-de-citit-carti-care-te-motiveaza\/","title":{"rendered":"Biografii \u0219i autobiografii de citit: c\u0103r\u021bi care te motiveaz\u0103"},"content":{"rendered":"\n<p>Sunt momente \u00een care nu ai chef de fic\u021biune. Nu vrei o poveste inventat\u0103, ci ceva real. Ceva care s\u0103 te inspire, s\u0103 te scoat\u0103 dintr-o stare sau pur \u0219i simplu s\u0103-\u021bi ofere o alt\u0103 perspectiv\u0103. Recunosc, nici eu nu am fost mereu atras\u0103 de genul acesta de c\u0103r\u021bi. Mi se p\u0103reau greu de parcurs \u0219i nu \u00een\u021belegeam neap\u0103rat farmecul lor. Dar, odat\u0103 ce am \u00eenceput s\u0103 citesc pove\u0219tile oamenilor pe care \u00eei admir sau care m-au intrigat, mi-am dat seama c\u00e2t de mult po\u021bi \u00eenv\u0103\u021ba din ele. Pentru c\u0103, dincolo de imaginea public\u0103 sau de succesul final, aceste c\u0103r\u021bi arat\u0103 realitatea: e\u0219ecuri, gre\u0219eli, momente grele \u0219i mult\u0103 munc\u0103.<\/p>\n\n\n\n<h2><strong><a href=\"https:\/\/www.targulcartii.ro\/matthew-perry\" target=\"_blank\" rel=\"noreferrer noopener\">Friends, iubiri \u0219i marele lucru teribil<\/a> \u2013 <a href=\"https:\/\/www.targulcartii.ro\/matthew-perry\" target=\"_blank\" rel=\"noreferrer noopener\">Matthew Perry<\/a><\/strong><\/h2>\n\n\n\n<p><em>Despre carte:<\/em> Un memoir sincer \u0219i uneori greu de parcurs despre via\u021ba actorului pe care \u00eel \u0219tim ca Chandler din Friends. Cartea urm\u0103re\u0219te drumul lui \u00eenc\u0103 din copil\u0103rie, de la dorin\u021ba de a deveni faimos p\u00e2n\u0103 la succesul uria\u0219 adus de serial, dar \u0219i la lupta constant\u0103 cu dependen\u021bele. Este o poveste care alterneaz\u0103 \u00eentre momente de glorie \u0219i perioade extrem de dificile, cu intern\u0103ri, recuper\u0103ri \u0219i rec\u0103deri.<\/p>\n\n\n\n<p><em>De ce merit\u0103:<\/em> Este genul de carte care te love\u0219te emo\u021bional f\u0103r\u0103 s\u0103 \u00eencerce s\u0103 fie dramatic\u0103. Mi-a pl\u0103cut enorm, dar \u00een acela\u0219i timp mi-a p\u0103rut foarte r\u0103u pentru el. De\u0219i povestea este grea, umorul lui specific este prezent \u00een fiecare capitol \u0219i face lectura mai suportabil\u0103. Pentru mine a fost o experien\u021b\u0103 intens\u0103 \u0219i una dintre acele c\u0103r\u021bi care r\u0103m\u00e2n cu tine mult timp dup\u0103 ce le termini.<\/p>\n\n\n\n<h3><strong><a href=\"https:\/\/www.targulcartii.ro\/mihai-bendeac\/jurnalul-unui-burlac?an=2020&amp;editura=Bookzone&amp;coperta=Brosata%20(paperback)&amp;pid=4458718\" target=\"_blank\" rel=\"noreferrer noopener\">Jurnalul unui Burlac. Conversa\u021bii cu mama<\/a> \u2013 Emilia\u00a0 Bendeac &amp; <a href=\"https:\/\/www.targulcartii.ro\/mihai-bendeac\" target=\"_blank\" rel=\"noreferrer noopener\">Mihai Bendeac<\/a><\/strong><\/h3>\n\n\n\n<p><em>Despre carte:<\/em> O carte diferit\u0103, construit\u0103 sub forma unor conversa\u021bii \u00eentre Mihai Bendeac \u0219i mama lui, care surprinde rela\u021bia lor \u00eentr-un mod autentic. Este o combina\u021bie de amintiri, replici spontane \u0219i momente care oscileaz\u0103 \u00eentre comic \u0219i emo\u021bional.<\/p>\n\n\n\n<p><em>De ce merit\u0103:<\/em> Am citit-o pe ner\u0103suflate, pentru c\u0103 este extrem de u\u0219or de parcurs \u0219i foarte amuzant\u0103. Dincolo de umor, mi-a pl\u0103cut mult sinceritatea \u0219i dinamica dintre ei. Este genul de carte care te face s\u0103 z\u00e2mbe\u0219ti, dar \u0219i s\u0103 apreciezi mai mult rela\u021biile apropiate. \u0218i chiar cred c\u0103, dac\u0103 nu l-a\u021bi simpatizat pe Bendeac p\u00e2n\u0103 acum, cartea asta v\u0103 poate schimba percep\u021bia.<\/p>\n\n\n\n<h3><strong><a href=\"https:\/\/www.targulcartii.ro\/samuel-graydon\/einstein-in-timp-si-spatiu-orion-2025-9705401\" target=\"_blank\" rel=\"noreferrer noopener\">Einstein \u00een timp \u0219i spa\u021biu. O via\u021b\u0103 \u00een 99 de particule<\/a> \u2013 Samuel Graydon<\/strong><\/h3>\n\n\n\n<p><em>Despre carte:<\/em> O biografie atipic\u0103 a lui Albert Einstein, structurat\u0103 \u00een capitole scurte care surprind at\u00e2t momente din via\u021ba lui, c\u00e2t \u0219i idei \u0219i descoperiri importante. Nu este o biografie clasic\u0103, cronologic\u0103, ci mai degrab\u0103 un mozaic de informa\u021bii, anecdote \u0219i fragmente din scrisori.<\/p>\n\n\n\n<p><em>De ce merit\u0103:<\/em> Mi-a pl\u0103cut foarte mult aceast\u0103 abordare pentru c\u0103 face cartea mai u\u0219or de citit \u0219i mai accesibil\u0103. Chiar dac\u0103 unele informa\u021bii pot fi cunoscute, modul \u00een care sunt prezentate le face interesante. Este o alegere bun\u0103 dac\u0103 vre\u021bi s\u0103 descoperi\u021bi nu doar geniul, ci \u0219i omul din spatele lui Einstein, cu ideile \u0219i gre\u0219elile lui.<\/p>\n\n\n\n<h3><strong><a href=\"https:\/\/www.targulcartii.ro\/anna-frank\/jurnalul-annei-frank\" target=\"_blank\" rel=\"noreferrer noopener\">Jurnalul Annei Frank<\/a> \u2013 <a href=\"https:\/\/www.targulcartii.ro\/anna-frank\" target=\"_blank\" rel=\"noreferrer noopener\">Anna Frank<\/a><\/strong><\/h3>\n\n\n\n<p><em>Despre carte:<\/em> Jurnalul unei adolescente care tr\u0103ie\u0219te ascuns\u0103 \u00een timpul Holocaustului, scris chiar de ea. Cartea surprinde via\u021ba din ascunz\u0103toare, g\u00e2ndurile, temerile \u0219i maturizarea for\u021bat\u0103 a unei fete de doar 13 ani.<\/p>\n\n\n\n<p><em>De ce merit\u0103:<\/em> Este o lectur\u0103 puternic\u0103, care te afecteaz\u0103 mai ales prin perspectiva inocent\u0103 din care este spus\u0103 povestea. Eu am citit recent \u0219i varianta grafic\u0103 publicat\u0103 la editura Humanitas, care este foarte bine realizat\u0103 \u0219i mai u\u0219or de parcurs, dar recomand \u0219i edi\u021bia original\u0103. Indiferent de format, este genul de carte care te face s\u0103 apreciezi altfel lucrurile \u0219i care r\u0103m\u00e2ne cu tine.<\/p>\n\n\n\n<h4><strong><a href=\"https:\/\/www.targulcartii.ro\/britney-spears\/femeia-din-mine-bookzone-2023-7510477\">Femeia din mine<\/a> \u2013 <a href=\"https:\/\/www.targulcartii.ro\/britney-spears\" target=\"_blank\" rel=\"noreferrer noopener\">Britney Spears<\/a><\/strong><\/h4>\n\n\n\n<p><em>Despre carte:<\/em> Autobiografia lui Britney Spears, \u00een care artista vorbe\u0219te deschis despre via\u021ba ei dincolo de scen\u0103 \u2013 de la \u00eenceputurile carierei p\u00e2n\u0103 la perioada dificil\u0103 \u00een care nu a avut control asupra propriei vie\u021bi. Este o poveste despre succes, dar \u0219i despre pierdere, presiune \u0219i dorin\u021ba de libertate.<\/p>\n\n\n\n<p><em>De ce merit\u0103:<\/em> Pentru mine a fost o lectur\u0103 surprinz\u0103toare \u0219i emo\u021bionant\u0103. Am realizat c\u00e2t de pu\u021bine \u0219tiam despre ce a tr\u0103it cu adev\u0103rat. Este o carte sincer\u0103, direct\u0103 \u0219i foarte u\u0219or de parcurs. Dac\u0103 a\u021bi crescut cu muzica ei, impactul va fi \u0219i mai mare, pentru c\u0103 vede\u021bi omul din spatele imaginii publice.<\/p>\n\n\n\n<p>Poate c\u0103 nu toate pove\u0219tile sunt u\u0219or de citit \u0219i nici toate nu sunt confortabile, dar fiecare dintre ele las\u0103 ceva \u00een urm\u0103. Fie o lec\u021bie, fie o emo\u021bie, fie o perspectiv\u0103 nou\u0103. Cred c\u0103 asta \u00eemi place cel mai mult la biografii \u0219i autobiografii: faptul c\u0103 sunt reale. Imperfecte, uneori dureroase, dar autentice.<\/p>\n\n\n\n<div class=\"wp-block-media-text alignwide\" style=\"grid-template-columns:30% auto\"><figure class=\"wp-block-media-text__media\"><img loading=\"lazy\" width=\"768\" height=\"1024\" src=\"https:\/\/www.targulcartii.ro\/blog\/wp-content\/uploads\/2025\/05\/image00004-768x1024.jpeg\" alt=\"\" class=\"wp-image-2620\" srcset=\"https:\/\/www.targulcartii.ro\/blog\/wp-content\/uploads\/2025\/05\/image00004-768x1024.jpeg 768w, https:\/\/www.targulcartii.ro\/blog\/wp-content\/uploads\/2025\/05\/image00004-225x300.jpeg 225w, https:\/\/www.targulcartii.ro\/blog\/wp-content\/uploads\/2025\/05\/image00004-1152x1536.jpeg 1152w, https:\/\/www.targulcartii.ro\/blog\/wp-content\/uploads\/2025\/05\/image00004.jpeg 1200w\" sizes=\"(max-width: 768px) 100vw, 768px\" \/><\/figure><div class=\"wp-block-media-text__content\">\n<p style=\"font-size:33px\">Despre Diana Sab\u0103u<\/p>\n\n\n\n<p>Diana Sab\u0103u este creator de con\u021binut pasionat de citit \u0219i de c\u0103l\u0103torii, mereu curioas\u0103 \u0219i \u00een c\u0103utare de noi cuno\u0219tin\u021be. Pe pagina ei de bookstagram @<a href=\"https:\/\/www.instagram.com\/diana.citesteunroman\/\" target=\"_blank\" rel=\"noreferrer noopener\">dianacitesteunroman<\/a> \u00eemp\u0103rt\u0103\u0219e\u0219te recenzii \u0219i recomand\u0103ri de c\u0103r\u021bi \u0219i filme \u0219i are o frumoas\u0103 comunitate \u00een spate.<\/p>\n<\/div><\/div>\n","protected":false},"excerpt":{"rendered":"<p>Sunt momente \u00een care nu ai chef de fic\u021biune. Nu vrei o poveste inventat\u0103, ci ceva real. Ceva care s\u0103 te inspire, s\u0103 te scoat\u0103 dintr-o stare sau pur \u0219i simplu s\u0103-\u021bi ofere o alt\u0103 perspectiv\u0103. Recunosc, nici eu nu am fost mereu atras\u0103 de genul acesta de c\u0103r\u021bi. Mi se p\u0103reau greu de parcurs [&hellip;]<\/p>\n","protected":false},"author":14,"featured_media":3623,"comment_status":"closed","ping_status":"closed","sticky":false,"template":"","format":"standard","meta":[],"categories":[10,1],"tags":[],"_links":{"self":[{"href":"https:\/\/www.targulcartii.ro\/blog\/wp-json\/wp\/v2\/posts\/3622"}],"collection":[{"href":"https:\/\/www.targulcartii.ro\/blog\/wp-json\/wp\/v2\/posts"}],"about":[{"href":"https:\/\/www.targulcartii.ro\/blog\/wp-json\/wp\/v2\/types\/post"}],"author":[{"embeddable":true,"href":"https:\/\/www.targulcartii.ro\/blog\/wp-json\/wp\/v2\/users\/14"}],"replies":[{"embeddable":true,"href":"https:\/\/www.targulcartii.ro\/blog\/wp-json\/wp\/v2\/comments?post=3622"}],"version-history":[{"count":1,"href":"https:\/\/www.targulcartii.ro\/blog\/wp-json\/wp\/v2\/posts\/3622\/revisions"}],"predecessor-version":[{"id":3624,"href":"https:\/\/www.targulcartii.ro\/blog\/wp-json\/wp\/v2\/posts\/3622\/revisions\/3624"}],"wp:featuredmedia":[{"embeddable":true,"href":"https:\/\/www.targulcartii.ro\/blog\/wp-json\/wp\/v2\/media\/3623"}],"wp:attachment":[{"href":"https:\/\/www.targulcartii.ro\/blog\/wp-json\/wp\/v2\/media?parent=3622"}],"wp:term":[{"taxonomy":"category","embeddable":true,"href":"https:\/\/www.targulcartii.ro\/blog\/wp-json\/wp\/v2\/categories?post=3622"},{"taxonomy":"post_tag","embeddable":true,"href":"https:\/\/www.targulcartii.ro\/blog\/wp-json\/wp\/v2\/tags?post=3622"}],"curies":[{"name":"wp","href":"https:\/\/api.w.org\/{rel}","templated":true}]}}